{"id":7834,"date":"2021-04-08T16:01:46","date_gmt":"2021-04-08T19:01:46","guid":{"rendered":"http:\/\/correntes.pe.gov.br\/v1\/?p=7834"},"modified":"2021-04-08T16:02:28","modified_gmt":"2021-04-08T19:02:28","slug":"momento-de-acolhida-aos-pais-de-criancas-com-deficiencia","status":"publish","type":"post","link":"http:\/\/correntes.pe.gov.br\/v1\/momento-de-acolhida-aos-pais-de-criancas-com-deficiencia\/","title":{"rendered":"Momento de acolhida aos pais de crian\u00e7as com defici\u00eancia"},"content":{"rendered":"<div class=\"kvgmc6g5 cxmmr5t8 oygrvhab hcukyx3x c1et5uql ii04i59q\">\n<div dir=\"auto\">Momento de acolhida aos pais de crian\u00e7as com defici\u00eancia.<\/div>\n<\/div>\n<div class=\"o9v6fnle cxmmr5t8 oygrvhab hcukyx3x c1et5uql ii04i59q\">\n<div dir=\"auto\">Durante a semana, a equipe da Secretaria Municipal de Educa\u00e7\u00e3o, atrav\u00e9s da Psic\u00f3loga Simone Santos, da Assistente Social Ivany Esthefane e da Coordenadora da Educa\u00e7\u00e3o Inclusiva, Jucineide Cardoso, realizaram momentos de escuta individualizada e acolhida aos pais das crian\u00e7as com defici\u00eancia, matriculadas na Rede Municipal de Ensino. O objetivo da a\u00e7\u00e3o foi conhecer as especificidades de cada fam\u00edlia, as expectativas e os principais desafios, a fim de nortear a elabora\u00e7\u00e3o de a\u00e7\u00f5es que permitam facilitar o acesso ao conhecimento durante as aulas remotas, garantindo uma educa\u00e7\u00e3o com qualidade e equidade para todos!<\/div>\n<\/div>\n<div class=\"o9v6fnle cxmmr5t8 oygrvhab hcukyx3x c1et5uql ii04i59q\">\n<div dir=\"auto\">Secretaria Municipal de Educa\u00e7\u00e3o: Incluir \u00e9 abra\u00e7ar as diferen\u00e7as!<\/div>\n<\/div>\n<div class=\"o9v6fnle cxmmr5t8 oygrvhab hcukyx3x c1et5uql ii04i59q\">\n<div dir=\"auto\">Prefeitura de Correntes<\/div>\n<div dir=\"auto\">Prefeito Hugo da Bahia, vice Demilton Junior<\/div>\n<div dir=\"auto\">Secretaria de Governo<\/div>\n<div dir=\"auto\">Secret\u00e1rio Edimilson da Bahia<\/div>\n<div dir=\"auto\"><a class=\"oajrlxb2 g5ia77u1 qu0x051f esr5mh6w e9989ue4 r7d6kgcz rq0escxv nhd2j8a9 nc684nl6 p7hjln8o kvgmc6g5 cxmmr5t8 oygrvhab hcukyx3x jb3vyjys rz4wbd8a qt6c0cv9 a8nywdso i1ao9s8h esuyzwwr f1sip0of lzcic4wl q66pz984 gpro0wi8 b1v8xokw\" tabindex=\"0\" role=\"link\" href=\"https:\/\/www.facebook.com\/hashtag\/odesenvolvimentocontinua?__eep__=6&amp;__cft__[0]=AZV_jUiJlfRfiaTooxNkHD6BpmgPxrX2JDx67CFicyQyu3ahN_0Jq0qmig-j4QHZ0Qscavl0l4IoaJTDk0j5vWAqVWMEfeFAvyf2WhP4MYnpO-7hKnGZi2zQbAyY4SOeOoziQ1cBnFKNWTd6EoqyyNqN3smtcPrpPdKu-8-gXqjtk8RIORWImyHtQbcnqZ9uQ1A&amp;__tn__=*NK-R\">#Odesenvolvimentocontinua<\/a> <a class=\"oajrlxb2 g5ia77u1 qu0x051f esr5mh6w e9989ue4 r7d6kgcz rq0escxv nhd2j8a9 nc684nl6 p7hjln8o kvgmc6g5 cxmmr5t8 oygrvhab hcukyx3x jb3vyjys rz4wbd8a qt6c0cv9 a8nywdso i1ao9s8h esuyzwwr f1sip0of lzcic4wl q66pz984 gpro0wi8 b1v8xokw\" tabindex=\"0\" role=\"link\" href=\"https:\/\/www.facebook.com\/hashtag\/%C3%A9daquipramelhor?__eep__=6&amp;__cft__[0]=AZV_jUiJlfRfiaTooxNkHD6BpmgPxrX2JDx67CFicyQyu3ahN_0Jq0qmig-j4QHZ0Qscavl0l4IoaJTDk0j5vWAqVWMEfeFAvyf2WhP4MYnpO-7hKnGZi2zQbAyY4SOeOoziQ1cBnFKNWTd6EoqyyNqN3smtcPrpPdKu-8-gXqjtk8RIORWImyHtQbcnqZ9uQ1A&amp;__tn__=*NK-R\">#\u00c9daquipramelhor<\/a><\/div>\n<div dir=\"auto\"><img decoding=\"async\" loading=\"lazy\" class=\" wp-image-7835 alignleft\" src=\"http:\/\/correntes.pe.gov.br\/v1\/wp-content\/uploads\/2021\/04\/IMG_5388-300x203.jpg\" alt=\"\" width=\"632\" height=\"428\" srcset=\"http:\/\/correntes.pe.gov.br\/v1\/wp-content\/uploads\/2021\/04\/IMG_5388-300x203.jpg 300w, http:\/\/correntes.pe.gov.br\/v1\/wp-content\/uploads\/2021\/04\/IMG_5388-768x520.jpg 768w, http:\/\/correntes.pe.gov.br\/v1\/wp-content\/uploads\/2021\/04\/IMG_5388-1024x693.jpg 1024w\" sizes=\"(max-width: 632px) 100vw, 632px\" \/> <img decoding=\"async\" loading=\"lazy\" class=\" wp-image-7836 alignleft\" src=\"http:\/\/correntes.pe.gov.br\/v1\/wp-content\/uploads\/2021\/04\/IMG_5389-300x199.jpg\" alt=\"\" width=\"632\" height=\"419\" srcset=\"http:\/\/correntes.pe.gov.br\/v1\/wp-content\/uploads\/2021\/04\/IMG_5389-300x199.jpg 300w, http:\/\/correntes.pe.gov.br\/v1\/wp-content\/uploads\/2021\/04\/IMG_5389-768x510.jpg 768w, http:\/\/correntes.pe.gov.br\/v1\/wp-content\/uploads\/2021\/04\/IMG_5389-1024x681.jpg 1024w\" sizes=\"(max-width: 632px) 100vw, 632px\" \/><\/div>\n<\/div>\n","protected":false},"excerpt":{"rendered":"<p>Momento de acolhida aos pais de crian\u00e7as com defici\u00eancia. Durante a semana, a equipe da Secretaria Municipal de Educa\u00e7\u00e3o, atrav\u00e9s da Psic\u00f3loga Simone Santos, da Assistente Social Ivany Esthefane e da Coordenadora <a class=\"leiamais\" href=\"http:\/\/correntes.pe.gov.br\/v1\/momento-de-acolhida-aos-pais-de-criancas-com-deficiencia\/\">LER MAIS &nbsp; <span class=\"glyphicon glyphicon-share-alt\"><\/span><br \/>\n<\/a><\/p>\n","protected":false},"author":3,"featured_media":7836,"comment_status":"open","ping_status":"open","sticky":false,"template":"","format":"standard","meta":[],"categories":[6,7,3],"tags":[],"_links":{"self":[{"href":"http:\/\/correntes.pe.gov.br\/v1\/wp-json\/wp\/v2\/posts\/7834"}],"collection":[{"href":"http:\/\/correntes.pe.gov.br\/v1\/wp-json\/wp\/v2\/posts"}],"about":[{"href":"http:\/\/correntes.pe.gov.br\/v1\/wp-json\/wp\/v2\/types\/post"}],"author":[{"embeddable":true,"href":"http:\/\/correntes.pe.gov.br\/v1\/wp-json\/wp\/v2\/users\/3"}],"replies":[{"embeddable":true,"href":"http:\/\/correntes.pe.gov.br\/v1\/wp-json\/wp\/v2\/comments?post=7834"}],"version-history":[{"count":3,"href":"http:\/\/correntes.pe.gov.br\/v1\/wp-json\/wp\/v2\/posts\/7834\/revisions"}],"predecessor-version":[{"id":7838,"href":"http:\/\/correntes.pe.gov.br\/v1\/wp-json\/wp\/v2\/posts\/7834\/revisions\/7838"}],"wp:featuredmedia":[{"embeddable":true,"href":"http:\/\/correntes.pe.gov.br\/v1\/wp-json\/wp\/v2\/media\/7836"}],"wp:attachment":[{"href":"http:\/\/correntes.pe.gov.br\/v1\/wp-json\/wp\/v2\/media?parent=7834"}],"wp:term":[{"taxonomy":"category","embeddable":true,"href":"http:\/\/correntes.pe.gov.br\/v1\/wp-json\/wp\/v2\/categories?post=7834"},{"taxonomy":"post_tag","embeddable":true,"href":"http:\/\/correntes.pe.gov.br\/v1\/wp-json\/wp\/v2\/tags?post=7834"}],"curies":[{"name":"wp","href":"https:\/\/api.w.org\/{rel}","templated":true}]}}