{"id":4087,"date":"2019-05-31T18:13:26","date_gmt":"2019-05-31T21:13:26","guid":{"rendered":"http:\/\/correntes.pe.gov.br\/v1\/?p=4087"},"modified":"2019-05-31T18:15:10","modified_gmt":"2019-05-31T21:15:10","slug":"programacao-do-sao-joao-2019-em-correntes-pe","status":"publish","type":"post","link":"http:\/\/correntes.pe.gov.br\/v1\/programacao-do-sao-joao-2019-em-correntes-pe\/","title":{"rendered":"Programa\u00e7\u00e3o do S\u00e3o Jo\u00e3o 2019 em Correntes\/Pe"},"content":{"rendered":"<p>Programa\u00e7\u00e3o Oficialdo\u00a0<a class=\"_58cn\" href=\"https:\/\/www.facebook.com\/hashtag\/s%C3%A3ojo%C3%A3o2019?source=feed_text&amp;epa=HASHTAG&amp;__xts__%5B0%5D=68.ARACV1PONqQFB9xJL1JaUhcmFyzGCnsBzXUlAGrlZiQWtxhzfOV6-w_SprBjkVz3OU8alc9h0vKmyNDWBwOhomXOC9-fSJNyDZFL25CN-PWkpvukvCq5cTqLx7fSc-wIXLrkfRksyeTczlSQdIGD8qv-XKeC_9dosazdq0cw3Vzuoe2Y60E5BJTuquqnjC1Qgf2idMww9-JR-P41i72ZbBhLdr_YpGqRB89bXAzTNC2E1XkGAbJxkredEKDRX44EGjWxpJJ-n1EX8PhOaUT9cdEuwZBwLJKwSLhdm_lz3I3FAXUbU_dGMGxTsCjd9e7ILLifh4rrM0bxrgv_hdkut5Vqag&amp;__tn__=%2ANK-R\" data-ft=\"{&quot;type&quot;:104,&quot;tn&quot;:&quot;*N&quot;}\"><span class=\"_5afx\"><span class=\"_58cl _5afz\" aria-label=\"hashtag\">#<\/span><span class=\"_58cm\">S\u00e3oJo\u00e3o2019<\/span><\/span><\/a>\u00a0em Correntes\/Pe.<br \/>\nS\u00e3o 30 dias de muito forr\u00f3,apresenta\u00e7\u00f5es culturais, comidas t\u00edpicas, quadrilhas juninas e shows no Palho\u00e7\u00e3o do Povo na Pra\u00e7a da Concei\u00e7\u00e3o todos os dias do m\u00eas junino. Todos est\u00e3o convidados para participarem desta grande festa tradicional em nosso munic\u00edpio.<\/p>\n<p>Prefeitura das Correntes<br \/>\nSecretaria Municipal de Cultura, Turismo e Desportos<span class=\"text_exposed_show\"><br \/>\nPrefeito Edimilson da Bahia &#8211; Vice Hugo C\u00e9sar<br \/>\n<\/span><\/p>\n<p><img decoding=\"async\" loading=\"lazy\" class=\"alignnone  wp-image-4096\" src=\"http:\/\/correntes.pe.gov.br\/v1\/wp-content\/uploads\/2019\/05\/WhatsApp-Image-2019-05-31-at-18.07.55-212x300.jpeg\" alt=\"\" width=\"722\" height=\"1022\" srcset=\"http:\/\/correntes.pe.gov.br\/v1\/wp-content\/uploads\/2019\/05\/WhatsApp-Image-2019-05-31-at-18.07.55-212x300.jpeg 212w, http:\/\/correntes.pe.gov.br\/v1\/wp-content\/uploads\/2019\/05\/WhatsApp-Image-2019-05-31-at-18.07.55-768x1086.jpeg 768w, http:\/\/correntes.pe.gov.br\/v1\/wp-content\/uploads\/2019\/05\/WhatsApp-Image-2019-05-31-at-18.07.55-724x1024.jpeg 724w, http:\/\/correntes.pe.gov.br\/v1\/wp-content\/uploads\/2019\/05\/WhatsApp-Image-2019-05-31-at-18.07.55.jpeg 905w\" sizes=\"(max-width: 722px) 100vw, 722px\" \/><\/p>\n","protected":false},"excerpt":{"rendered":"<p>Programa\u00e7\u00e3o Oficialdo\u00a0#S\u00e3oJo\u00e3o2019\u00a0em Correntes\/Pe. S\u00e3o 30 dias de muito forr\u00f3,apresenta\u00e7\u00f5es culturais, comidas t\u00edpicas, quadrilhas juninas e shows no Palho\u00e7\u00e3o do Povo na Pra\u00e7a da Concei\u00e7\u00e3o todos os dias do m\u00eas junino. Todos est\u00e3o <a class=\"leiamais\" href=\"http:\/\/correntes.pe.gov.br\/v1\/programacao-do-sao-joao-2019-em-correntes-pe\/\">LER MAIS &nbsp; <span class=\"glyphicon glyphicon-share-alt\"><\/span><br \/>\n<\/a><\/p>\n","protected":false},"author":3,"featured_media":4096,"comment_status":"open","ping_status":"open","sticky":false,"template":"","format":"standard","meta":[],"categories":[6,7,3],"tags":[],"_links":{"self":[{"href":"http:\/\/correntes.pe.gov.br\/v1\/wp-json\/wp\/v2\/posts\/4087"}],"collection":[{"href":"http:\/\/correntes.pe.gov.br\/v1\/wp-json\/wp\/v2\/posts"}],"about":[{"href":"http:\/\/correntes.pe.gov.br\/v1\/wp-json\/wp\/v2\/types\/post"}],"author":[{"embeddable":true,"href":"http:\/\/correntes.pe.gov.br\/v1\/wp-json\/wp\/v2\/users\/3"}],"replies":[{"embeddable":true,"href":"http:\/\/correntes.pe.gov.br\/v1\/wp-json\/wp\/v2\/comments?post=4087"}],"version-history":[{"count":3,"href":"http:\/\/correntes.pe.gov.br\/v1\/wp-json\/wp\/v2\/posts\/4087\/revisions"}],"predecessor-version":[{"id":4099,"href":"http:\/\/correntes.pe.gov.br\/v1\/wp-json\/wp\/v2\/posts\/4087\/revisions\/4099"}],"wp:featuredmedia":[{"embeddable":true,"href":"http:\/\/correntes.pe.gov.br\/v1\/wp-json\/wp\/v2\/media\/4096"}],"wp:attachment":[{"href":"http:\/\/correntes.pe.gov.br\/v1\/wp-json\/wp\/v2\/media?parent=4087"}],"wp:term":[{"taxonomy":"category","embeddable":true,"href":"http:\/\/correntes.pe.gov.br\/v1\/wp-json\/wp\/v2\/categories?post=4087"},{"taxonomy":"post_tag","embeddable":true,"href":"http:\/\/correntes.pe.gov.br\/v1\/wp-json\/wp\/v2\/tags?post=4087"}],"curies":[{"name":"wp","href":"https:\/\/api.w.org\/{rel}","templated":true}]}}