{"id":19064,"date":"2026-04-29T22:43:00","date_gmt":"2026-04-30T01:43:00","guid":{"rendered":"http:\/\/correntes.pe.gov.br\/v1\/?p=19064"},"modified":"2026-04-29T22:49:45","modified_gmt":"2026-04-30T01:49:45","slug":"terceiro-dia-de-atendimentos-na-maior-feira-de-saude-de-correntes","status":"publish","type":"post","link":"http:\/\/correntes.pe.gov.br\/v1\/terceiro-dia-de-atendimentos-na-maior-feira-de-saude-de-correntes\/","title":{"rendered":"TERCEIRO DIA DE ATENDIMENTOS NA MAIOR FEIRA DE SA\u00daDE DE CORRENTES"},"content":{"rendered":"\n<p><\/p>\n\n\n\n<p>Nesta quarta-feira, 29 de abril de 2026, acontece o terceiro dia de atendimentos da maior Feira de Sa\u00fade de Correntes, promovida pelo Governo Municipal por meio da Secretaria Municipal de Sa\u00fade, compromisso da gest\u00e3o em cuidar da popula\u00e7\u00e3o com qualidade, aten\u00e7\u00e3o e respeito.Ao longo do dia, a comunidade comparece em grande n\u00famero, e j\u00e1 ultrapassamos a marca de 200 atendimentos realizados. Est\u00e3o sendo ofertados servi\u00e7os em especialidades como alergologia, ginecologia e oftalmologia, al\u00e9m de exames de ultrassonografia, ampliando o acesso da popula\u00e7\u00e3o a diagn\u00f3sticos e cuidados especializados.Oferta do dia:\u2022 Ginecologia (Dra. Nathalia Queiroz)\u2022 Oftalmologia (Ricardo Tavares)\u2022 Alergologia (Dra. Vanessa Ara\u00fajo)A feira atende tanto a demanda espont\u00e2nea quanto os pacientes regulados, contribuindo diretamente para a redu\u00e7\u00e3o das filas de espera e evitando que muitos precisem se deslocar para outros munic\u00edpios em busca de consultas e exames.Al\u00e9m dos atendimentos m\u00e9dicos, a programa\u00e7\u00e3o inclui vacina\u00e7\u00e3o, testes de glicemia e medi\u00e7\u00e3o de press\u00e3o arterial, fortalecendo as a\u00e7\u00f5es de preven\u00e7\u00e3o e promo\u00e7\u00e3o da sa\u00fade. O \u201cMomento Kids\u201d tamb\u00e9m segue como destaque, oferecendo um espa\u00e7o acolhedor e dedicado \u00e0s crian\u00e7as.O prefeito Edimilson da Bahia esteve presente, acompanhado por secret\u00e1rios municipais e vereadores da base governista, refor\u00e7ando o apoio institucional \u00e0 iniciativa. O evento tamb\u00e9m contou com a presen\u00e7a do deputado estadual Cayo Albino, que acompanhou de perto essa importante a\u00e7\u00e3o em benef\u00edcio da popula\u00e7\u00e3o.A gest\u00e3o municipal segue avan\u00e7ando, trabalhando para transformar a sa\u00fade de Correntes em refer\u00eancia de cuidado, efici\u00eancia e acesso. Cuidar das pessoas continua sendo a maior prioridade.<\/p>\n\n\n\n<p>Foto: Jalison FerreiraGoverno do PovoPrefeito: Edimilson da Bahia<\/p>\n\n\n\n<figure class=\"wp-block-image size-large\"><img decoding=\"async\" loading=\"lazy\" width=\"768\" height=\"1024\" src=\"http:\/\/correntes.pe.gov.br\/v1\/wp-content\/uploads\/2026\/04\/1003322261-768x1024.png\" alt=\"\" class=\"wp-image-19065\" srcset=\"http:\/\/correntes.pe.gov.br\/v1\/wp-content\/uploads\/2026\/04\/1003322261-768x1024.png 768w, http:\/\/correntes.pe.gov.br\/v1\/wp-content\/uploads\/2026\/04\/1003322261-225x300.png 225w, http:\/\/correntes.pe.gov.br\/v1\/wp-content\/uploads\/2026\/04\/1003322261.png 1080w\" sizes=\"(max-width: 768px) 100vw, 768px\" \/><\/figure>\n\n\n\n<figure class=\"wp-block-image size-large\"><img decoding=\"async\" loading=\"lazy\" width=\"768\" height=\"1024\" src=\"http:\/\/correntes.pe.gov.br\/v1\/wp-content\/uploads\/2026\/04\/1003322249-768x1024.png\" alt=\"\" class=\"wp-image-19066\" srcset=\"http:\/\/correntes.pe.gov.br\/v1\/wp-content\/uploads\/2026\/04\/1003322249-768x1024.png 768w, http:\/\/correntes.pe.gov.br\/v1\/wp-content\/uploads\/2026\/04\/1003322249-225x300.png 225w, http:\/\/correntes.pe.gov.br\/v1\/wp-content\/uploads\/2026\/04\/1003322249.png 1080w\" sizes=\"(max-width: 768px) 100vw, 768px\" \/><\/figure>\n","protected":false},"excerpt":{"rendered":"<p>Nesta quarta-feira, 29 de abril de 2026, acontece o terceiro dia de atendimentos da maior Feira de Sa\u00fade de Correntes, promovida pelo Governo Municipal por meio da Secretaria Municipal de Sa\u00fade, compromisso <a class=\"leiamais\" href=\"http:\/\/correntes.pe.gov.br\/v1\/terceiro-dia-de-atendimentos-na-maior-feira-de-saude-de-correntes\/\">LER MAIS &nbsp; <span class=\"glyphicon glyphicon-share-alt\"><\/span><br \/>\n<\/a><\/p>\n","protected":false},"author":3,"featured_media":19069,"comment_status":"open","ping_status":"open","sticky":false,"template":"","format":"standard","meta":[],"categories":[6,7,1,3],"tags":[],"_links":{"self":[{"href":"http:\/\/correntes.pe.gov.br\/v1\/wp-json\/wp\/v2\/posts\/19064"}],"collection":[{"href":"http:\/\/correntes.pe.gov.br\/v1\/wp-json\/wp\/v2\/posts"}],"about":[{"href":"http:\/\/correntes.pe.gov.br\/v1\/wp-json\/wp\/v2\/types\/post"}],"author":[{"embeddable":true,"href":"http:\/\/correntes.pe.gov.br\/v1\/wp-json\/wp\/v2\/users\/3"}],"replies":[{"embeddable":true,"href":"http:\/\/correntes.pe.gov.br\/v1\/wp-json\/wp\/v2\/comments?post=19064"}],"version-history":[{"count":1,"href":"http:\/\/correntes.pe.gov.br\/v1\/wp-json\/wp\/v2\/posts\/19064\/revisions"}],"predecessor-version":[{"id":19067,"href":"http:\/\/correntes.pe.gov.br\/v1\/wp-json\/wp\/v2\/posts\/19064\/revisions\/19067"}],"wp:featuredmedia":[{"embeddable":true,"href":"http:\/\/correntes.pe.gov.br\/v1\/wp-json\/wp\/v2\/media\/19069"}],"wp:attachment":[{"href":"http:\/\/correntes.pe.gov.br\/v1\/wp-json\/wp\/v2\/media?parent=19064"}],"wp:term":[{"taxonomy":"category","embeddable":true,"href":"http:\/\/correntes.pe.gov.br\/v1\/wp-json\/wp\/v2\/categories?post=19064"},{"taxonomy":"post_tag","embeddable":true,"href":"http:\/\/correntes.pe.gov.br\/v1\/wp-json\/wp\/v2\/tags?post=19064"}],"curies":[{"name":"wp","href":"https:\/\/api.w.org\/{rel}","templated":true}]}}