{"id":19057,"date":"2026-04-29T22:27:39","date_gmt":"2026-04-30T01:27:39","guid":{"rendered":"http:\/\/correntes.pe.gov.br\/v1\/?p=19057"},"modified":"2026-04-29T22:32:11","modified_gmt":"2026-04-30T01:32:11","slug":"entrega-de-sementes-as-associacoes-comunitarias","status":"publish","type":"post","link":"http:\/\/correntes.pe.gov.br\/v1\/entrega-de-sementes-as-associacoes-comunitarias\/","title":{"rendered":"ENTREGA DE SEMENTES \u00c0S ASSOCIA\u00c7\u00d5ES COMUNIT\u00c1RIAS"},"content":{"rendered":"\n<p>Em evento realizado na Secretaria Municipal de Agricultura e Meio Ambiente, a Prefeitura de Correntes reafirmou seu compromisso com o desenvolvimento rural e o fortalecimento da agricultura familiar, ampliando a\u00e7\u00f5es e investimentos voltados ao homem e \u00e0 mulher do campo.<\/p>\n\n\n\n<p>A ocasi\u00e3o contou com presen\u00e7as ilustres, como o Deputado Estadual Cayo Albino, o Prefeito Edimilson da Bahia, vereadores, Geov\u00e1, representante do IPA, secret\u00e1rios municipais e representantes de associa\u00e7\u00f5es comunit\u00e1rias, destacando a relev\u00e2ncia das iniciativas desenvolvidas no munic\u00edpio.<\/p>\n\n\n\n<p>Correntes vivencia atualmente o maior programa de apoio rural de sua hist\u00f3ria, contemplando iniciativas essenciais como o arrendamento de terras com servi\u00e7os de ara\u00e7\u00e3o, patrolamento e requalifica\u00e7\u00e3o de estradas vicinais, escava\u00e7\u00e3o e manuten\u00e7\u00e3o de barreiros, al\u00e9m da distribui\u00e7\u00e3o de \u00e1gua por meio de adutoras na zona rural, entre outras a\u00e7\u00f5es estruturantes.<\/p>\n\n\n\n<p>Como parte desse compromisso, a Prefeitura de Correntes, em parceria com o IPA e associa\u00e7\u00f5es rurais, realiza anualmente a distribui\u00e7\u00e3o gratuita de sementes, fortalecendo o plantio durante o per\u00edodo chuvoso. Nesta quarta-feira (29\/04), foram entregues sementes de milho e feij\u00e3o, beneficiando mais de 750 produtores da agricultura familiar.<\/p>\n\n\n\n<p>A gest\u00e3o municipal segue trabalhando de forma integrada para garantir melhores condi\u00e7\u00f5es de produ\u00e7\u00e3o, promovendo desenvolvimento, gera\u00e7\u00e3o de renda e qualidade de vida para as fam\u00edlias do campo.<\/p>\n\n\n\n<p>Foto: Jalison Ferreira<\/p>\n\n\n\n<p>Governo do Povo<\/p>\n\n\n\n<p>Prefeito: Edimilson da Bahia<\/p>\n\n\n\n<figure class=\"wp-block-image size-large\"><img decoding=\"async\" loading=\"lazy\" width=\"768\" height=\"1024\" src=\"http:\/\/correntes.pe.gov.br\/v1\/wp-content\/uploads\/2026\/04\/1003322715-768x1024.png\" alt=\"\" class=\"wp-image-19058\" srcset=\"http:\/\/correntes.pe.gov.br\/v1\/wp-content\/uploads\/2026\/04\/1003322715-768x1024.png 768w, http:\/\/correntes.pe.gov.br\/v1\/wp-content\/uploads\/2026\/04\/1003322715-225x300.png 225w, http:\/\/correntes.pe.gov.br\/v1\/wp-content\/uploads\/2026\/04\/1003322715.png 1080w\" sizes=\"(max-width: 768px) 100vw, 768px\" \/><\/figure>\n\n\n\n<figure class=\"wp-block-image size-large\"><img decoding=\"async\" loading=\"lazy\" width=\"776\" height=\"1024\" src=\"http:\/\/correntes.pe.gov.br\/v1\/wp-content\/uploads\/2026\/04\/1003322849-776x1024.png\" alt=\"\" class=\"wp-image-19059\" srcset=\"http:\/\/correntes.pe.gov.br\/v1\/wp-content\/uploads\/2026\/04\/1003322849-776x1024.png 776w, http:\/\/correntes.pe.gov.br\/v1\/wp-content\/uploads\/2026\/04\/1003322849-227x300.png 227w, http:\/\/correntes.pe.gov.br\/v1\/wp-content\/uploads\/2026\/04\/1003322849-768x1013.png 768w, http:\/\/correntes.pe.gov.br\/v1\/wp-content\/uploads\/2026\/04\/1003322849.png 1080w\" sizes=\"(max-width: 776px) 100vw, 776px\" \/><\/figure>\n\n\n\n<figure class=\"wp-block-image size-large\"><img decoding=\"async\" loading=\"lazy\" width=\"768\" height=\"1024\" src=\"http:\/\/correntes.pe.gov.br\/v1\/wp-content\/uploads\/2026\/04\/1003322739-768x1024.png\" alt=\"\" class=\"wp-image-19060\" srcset=\"http:\/\/correntes.pe.gov.br\/v1\/wp-content\/uploads\/2026\/04\/1003322739-768x1024.png 768w, http:\/\/correntes.pe.gov.br\/v1\/wp-content\/uploads\/2026\/04\/1003322739-225x300.png 225w, http:\/\/correntes.pe.gov.br\/v1\/wp-content\/uploads\/2026\/04\/1003322739.png 1080w\" sizes=\"(max-width: 768px) 100vw, 768px\" \/><\/figure>\n","protected":false},"excerpt":{"rendered":"<p>Em evento realizado na Secretaria Municipal de Agricultura e Meio Ambiente, a Prefeitura de Correntes reafirmou seu compromisso com o desenvolvimento rural e o fortalecimento da agricultura familiar, ampliando a\u00e7\u00f5es e investimentos <a class=\"leiamais\" href=\"http:\/\/correntes.pe.gov.br\/v1\/entrega-de-sementes-as-associacoes-comunitarias\/\">LER MAIS &nbsp; <span class=\"glyphicon glyphicon-share-alt\"><\/span><br \/>\n<\/a><\/p>\n","protected":false},"author":3,"featured_media":19062,"comment_status":"open","ping_status":"open","sticky":false,"template":"","format":"standard","meta":[],"categories":[6,7,1,3],"tags":[],"_links":{"self":[{"href":"http:\/\/correntes.pe.gov.br\/v1\/wp-json\/wp\/v2\/posts\/19057"}],"collection":[{"href":"http:\/\/correntes.pe.gov.br\/v1\/wp-json\/wp\/v2\/posts"}],"about":[{"href":"http:\/\/correntes.pe.gov.br\/v1\/wp-json\/wp\/v2\/types\/post"}],"author":[{"embeddable":true,"href":"http:\/\/correntes.pe.gov.br\/v1\/wp-json\/wp\/v2\/users\/3"}],"replies":[{"embeddable":true,"href":"http:\/\/correntes.pe.gov.br\/v1\/wp-json\/wp\/v2\/comments?post=19057"}],"version-history":[{"count":1,"href":"http:\/\/correntes.pe.gov.br\/v1\/wp-json\/wp\/v2\/posts\/19057\/revisions"}],"predecessor-version":[{"id":19061,"href":"http:\/\/correntes.pe.gov.br\/v1\/wp-json\/wp\/v2\/posts\/19057\/revisions\/19061"}],"wp:featuredmedia":[{"embeddable":true,"href":"http:\/\/correntes.pe.gov.br\/v1\/wp-json\/wp\/v2\/media\/19062"}],"wp:attachment":[{"href":"http:\/\/correntes.pe.gov.br\/v1\/wp-json\/wp\/v2\/media?parent=19057"}],"wp:term":[{"taxonomy":"category","embeddable":true,"href":"http:\/\/correntes.pe.gov.br\/v1\/wp-json\/wp\/v2\/categories?post=19057"},{"taxonomy":"post_tag","embeddable":true,"href":"http:\/\/correntes.pe.gov.br\/v1\/wp-json\/wp\/v2\/tags?post=19057"}],"curies":[{"name":"wp","href":"https:\/\/api.w.org\/{rel}","templated":true}]}}