{"id":18962,"date":"2026-03-09T16:35:06","date_gmt":"2026-03-09T19:35:06","guid":{"rendered":"http:\/\/correntes.pe.gov.br\/v1\/?p=18962"},"modified":"2026-03-09T16:38:16","modified_gmt":"2026-03-09T19:38:16","slug":"o-povoado-olho-dagua-dos-goes-em-correntes-pe-se-prepara-para-viver-mais-uma-celebracao-de-fe-cultura-e-muita-musica-serao-tres-noites-de-festa-com-atracoes-para-animar-a-comunidade-e-vis","status":"publish","type":"post","link":"http:\/\/correntes.pe.gov.br\/v1\/o-povoado-olho-dagua-dos-goes-em-correntes-pe-se-prepara-para-viver-mais-uma-celebracao-de-fe-cultura-e-muita-musica-serao-tres-noites-de-festa-com-atracoes-para-animar-a-comunidade-e-vis\/","title":{"rendered":"Programa\u00e7\u00e3o da Festa de S\u00e3o Sebasti\u00e3o no Povoado Olho D\u00e1gua dos G\u00f3is"},"content":{"rendered":"\n<p>O Povoado Olho d\u2019\u00c1gua dos G\u00f3es, em Correntes-PE, se prepara para viver mais uma celebra\u00e7\u00e3o de f\u00e9, cultura e muita m\u00fasica. Ser\u00e3o tr\u00eas noites de festa com atra\u00e7\u00f5es para animar a comunidade e visitantes.<\/p>\n\n\n\n<p>&#x1f4c5; Programa\u00e7\u00e3o:<\/p>\n\n\n\n<ul>\n<li>13 de mar\u00e7o (sexta) \u2013 Rafinha Mini Love \u2013 21h<\/li>\n\n\n\n<li>14 de mar\u00e7o (s\u00e1bado) \u2013 Rodolfo Mello canta Zezo e Forr\u00f3 Rei do Canga\u00e7o (25 anos) \u2013 21h<\/li>\n\n\n\n<li>15 de mar\u00e7o (domingo) \u2013 Forroz\u00e3o AD, com participa\u00e7\u00e3o de JB Estilizado \u2013 20h<\/li>\n<\/ul>\n\n\n\n<p>&#x1f3b6; E todos os dias com Caminh\u00e3o Top Som animando a festa!<br>&#x2728; Uma realiza\u00e7\u00e3o que valoriza a cultura, a tradi\u00e7\u00e3o e promove momentos de alegria para toda a popula\u00e7\u00e3o.<\/p>\n\n\n\n<p>Prefeitura de Correntes \u2013 Governo do Povo<br>Secretaria de Cultura e Turismo &#x1f38a;<\/p>\n\n\n\n<figure class=\"wp-block-gallery has-nested-images columns-default is-cropped wp-block-gallery-1 is-layout-flex\">\n<figure class=\"wp-block-image size-large\"><img decoding=\"async\" loading=\"lazy\" width=\"1024\" height=\"1024\" data-id=\"18963\"  src=\"http:\/\/correntes.pe.gov.br\/v1\/wp-content\/uploads\/2026\/03\/1003056338-1024x1024.jpg\" alt=\"\" class=\"wp-image-18963\" srcset=\"http:\/\/correntes.pe.gov.br\/v1\/wp-content\/uploads\/2026\/03\/1003056338-1024x1024.jpg 1024w, http:\/\/correntes.pe.gov.br\/v1\/wp-content\/uploads\/2026\/03\/1003056338-300x300.jpg 300w, http:\/\/correntes.pe.gov.br\/v1\/wp-content\/uploads\/2026\/03\/1003056338-150x150.jpg 150w, http:\/\/correntes.pe.gov.br\/v1\/wp-content\/uploads\/2026\/03\/1003056338-768x768.jpg 768w, http:\/\/correntes.pe.gov.br\/v1\/wp-content\/uploads\/2026\/03\/1003056338-1536x1536.jpg 1536w, http:\/\/correntes.pe.gov.br\/v1\/wp-content\/uploads\/2026\/03\/1003056338.jpg 1600w\" sizes=\"(max-width: 1024px) 100vw, 1024px\" \/><\/figure>\n<\/figure>\n","protected":false},"excerpt":{"rendered":"<p>O Povoado Olho d\u2019\u00c1gua dos G\u00f3es, em Correntes-PE, se prepara para viver mais uma celebra\u00e7\u00e3o de f\u00e9, cultura e muita m\u00fasica. Ser\u00e3o tr\u00eas noites de festa com atra\u00e7\u00f5es para animar a comunidade <a class=\"leiamais\" href=\"http:\/\/correntes.pe.gov.br\/v1\/o-povoado-olho-dagua-dos-goes-em-correntes-pe-se-prepara-para-viver-mais-uma-celebracao-de-fe-cultura-e-muita-musica-serao-tres-noites-de-festa-com-atracoes-para-animar-a-comunidade-e-vis\/\">LER MAIS &nbsp; <span class=\"glyphicon glyphicon-share-alt\"><\/span><br \/>\n<\/a><\/p>\n","protected":false},"author":3,"featured_media":18963,"comment_status":"open","ping_status":"open","sticky":false,"template":"","format":"standard","meta":[],"categories":[6,7,1,3],"tags":[],"_links":{"self":[{"href":"http:\/\/correntes.pe.gov.br\/v1\/wp-json\/wp\/v2\/posts\/18962"}],"collection":[{"href":"http:\/\/correntes.pe.gov.br\/v1\/wp-json\/wp\/v2\/posts"}],"about":[{"href":"http:\/\/correntes.pe.gov.br\/v1\/wp-json\/wp\/v2\/types\/post"}],"author":[{"embeddable":true,"href":"http:\/\/correntes.pe.gov.br\/v1\/wp-json\/wp\/v2\/users\/3"}],"replies":[{"embeddable":true,"href":"http:\/\/correntes.pe.gov.br\/v1\/wp-json\/wp\/v2\/comments?post=18962"}],"version-history":[{"count":2,"href":"http:\/\/correntes.pe.gov.br\/v1\/wp-json\/wp\/v2\/posts\/18962\/revisions"}],"predecessor-version":[{"id":18966,"href":"http:\/\/correntes.pe.gov.br\/v1\/wp-json\/wp\/v2\/posts\/18962\/revisions\/18966"}],"wp:featuredmedia":[{"embeddable":true,"href":"http:\/\/correntes.pe.gov.br\/v1\/wp-json\/wp\/v2\/media\/18963"}],"wp:attachment":[{"href":"http:\/\/correntes.pe.gov.br\/v1\/wp-json\/wp\/v2\/media?parent=18962"}],"wp:term":[{"taxonomy":"category","embeddable":true,"href":"http:\/\/correntes.pe.gov.br\/v1\/wp-json\/wp\/v2\/categories?post=18962"},{"taxonomy":"post_tag","embeddable":true,"href":"http:\/\/correntes.pe.gov.br\/v1\/wp-json\/wp\/v2\/tags?post=18962"}],"curies":[{"name":"wp","href":"https:\/\/api.w.org\/{rel}","templated":true}]}}