{"id":17828,"date":"2025-03-28T06:19:48","date_gmt":"2025-03-28T09:19:48","guid":{"rendered":"http:\/\/correntes.pe.gov.br\/v1\/?p=17828"},"modified":"2025-03-28T06:19:48","modified_gmt":"2025-03-28T09:19:48","slug":"programacao-da-festa-de-nossa-senhora-da-conceicao","status":"publish","type":"post","link":"http:\/\/correntes.pe.gov.br\/v1\/programacao-da-festa-de-nossa-senhora-da-conceicao\/","title":{"rendered":"Programa\u00e7\u00e3o da Festa de Nossa Senhora da Concei\u00e7\u00e3o"},"content":{"rendered":"\n<p>Tradicional Festa de Nossa Senhora da Concei\u00e7\u00e3o movimenta Po\u00e7o Comprido, em Correntes-PE<\/p>\n\n\n\n<p>A comunidade de Po\u00e7o Comprido, em Correntes-PE, se prepara para mais uma edi\u00e7\u00e3o da Tradicional Festa de Nossa Senhora da Concei\u00e7\u00e3o, um dos eventos mais aguardados da regi\u00e3o. Com tr\u00eas dias de programa\u00e7\u00e3o, a festividade promete reunir moradores e visitantes em momentos de f\u00e9, cultura e muita anima\u00e7\u00e3o.<\/p>\n\n\n\n<p>As celebra\u00e7\u00f5es come\u00e7am na sexta-feira, 28 de mar\u00e7o, com uma seresta especial ao som de Arthur Costa e Jaildo, a partir das 21h. No s\u00e1bado, 29 de mar\u00e7o, a festa continua com os shows de Leonardo Santos e Nath\u00e1lia Calazans, a partir das 22h. O encerramento acontece no domingo, 30 de mar\u00e7o, tamb\u00e9m \u00e0s 22h, com a apresenta\u00e7\u00e3o de Churu Moral, prometendo agitar o p\u00fablico.<\/p>\n\n\n\n<p>Al\u00e9m das atra\u00e7\u00f5es musicais, o evento contar\u00e1 com a participa\u00e7\u00e3o do Caminh\u00e3o Topsom, garantindo anima\u00e7\u00e3o durante todos os dias de festa.<\/p>\n\n\n\n<p>A Festa de Nossa Senhora da Concei\u00e7\u00e3o \u00e9 uma tradi\u00e7\u00e3o que fortalece os la\u00e7os comunit\u00e1rios e reafirma a f\u00e9 dos devotos, sendo um marco cultural e religioso para Po\u00e7o Comprido.<\/p>\n\n\n\n<p>&#x1f4cd; Quando? De 28 a 30 de mar\u00e7o<br>&#x1f4cd; Onde? Po\u00e7o Comprido, Correntes-PE<\/p>\n\n\n\n<p>Venha celebrar e viver essa experi\u00eancia inesquec\u00edvel.<\/p>\n\n\n\n<figure class=\"wp-block-image size-full\"><img decoding=\"async\" loading=\"lazy\" width=\"828\" height=\"828\" src=\"http:\/\/correntes.pe.gov.br\/v1\/wp-content\/uploads\/2025\/03\/1001455720.jpg\" alt=\"\" class=\"wp-image-17829\" srcset=\"http:\/\/correntes.pe.gov.br\/v1\/wp-content\/uploads\/2025\/03\/1001455720.jpg 828w, http:\/\/correntes.pe.gov.br\/v1\/wp-content\/uploads\/2025\/03\/1001455720-300x300.jpg 300w, http:\/\/correntes.pe.gov.br\/v1\/wp-content\/uploads\/2025\/03\/1001455720-150x150.jpg 150w, http:\/\/correntes.pe.gov.br\/v1\/wp-content\/uploads\/2025\/03\/1001455720-768x768.jpg 768w\" sizes=\"(max-width: 828px) 100vw, 828px\" \/><\/figure>\n","protected":false},"excerpt":{"rendered":"<p>Tradicional Festa de Nossa Senhora da Concei\u00e7\u00e3o movimenta Po\u00e7o Comprido, em Correntes-PE A comunidade de Po\u00e7o Comprido, em Correntes-PE, se prepara para mais uma edi\u00e7\u00e3o da Tradicional Festa de Nossa Senhora da <a class=\"leiamais\" href=\"http:\/\/correntes.pe.gov.br\/v1\/programacao-da-festa-de-nossa-senhora-da-conceicao\/\">LER MAIS &nbsp; <span class=\"glyphicon glyphicon-share-alt\"><\/span><br \/>\n<\/a><\/p>\n","protected":false},"author":3,"featured_media":17829,"comment_status":"open","ping_status":"open","sticky":false,"template":"","format":"standard","meta":[],"categories":[6,7,1,3],"tags":[],"_links":{"self":[{"href":"http:\/\/correntes.pe.gov.br\/v1\/wp-json\/wp\/v2\/posts\/17828"}],"collection":[{"href":"http:\/\/correntes.pe.gov.br\/v1\/wp-json\/wp\/v2\/posts"}],"about":[{"href":"http:\/\/correntes.pe.gov.br\/v1\/wp-json\/wp\/v2\/types\/post"}],"author":[{"embeddable":true,"href":"http:\/\/correntes.pe.gov.br\/v1\/wp-json\/wp\/v2\/users\/3"}],"replies":[{"embeddable":true,"href":"http:\/\/correntes.pe.gov.br\/v1\/wp-json\/wp\/v2\/comments?post=17828"}],"version-history":[{"count":1,"href":"http:\/\/correntes.pe.gov.br\/v1\/wp-json\/wp\/v2\/posts\/17828\/revisions"}],"predecessor-version":[{"id":17830,"href":"http:\/\/correntes.pe.gov.br\/v1\/wp-json\/wp\/v2\/posts\/17828\/revisions\/17830"}],"wp:featuredmedia":[{"embeddable":true,"href":"http:\/\/correntes.pe.gov.br\/v1\/wp-json\/wp\/v2\/media\/17829"}],"wp:attachment":[{"href":"http:\/\/correntes.pe.gov.br\/v1\/wp-json\/wp\/v2\/media?parent=17828"}],"wp:term":[{"taxonomy":"category","embeddable":true,"href":"http:\/\/correntes.pe.gov.br\/v1\/wp-json\/wp\/v2\/categories?post=17828"},{"taxonomy":"post_tag","embeddable":true,"href":"http:\/\/correntes.pe.gov.br\/v1\/wp-json\/wp\/v2\/tags?post=17828"}],"curies":[{"name":"wp","href":"https:\/\/api.w.org\/{rel}","templated":true}]}}